{"id":41141,"date":"2025-05-13T15:21:20","date_gmt":"2025-05-13T13:21:20","guid":{"rendered":"https:\/\/www.ambion.de\/?p=41141"},"modified":"2025-05-19T09:31:14","modified_gmt":"2025-05-19T07:31:14","slug":"zukunftstag-bvmw-2025","status":"publish","type":"post","link":"https:\/\/www.ambion.de\/en\/zukunftstag-bvmw-2025\/","title":{"rendered":"Zukunftstag Mittelstand 2025"},"content":{"rendered":"<p>[et_pb_section fb_built=&#8221;1&#8243; _builder_version=&#8221;4.16&#8243; _module_preset=&#8221;default&#8221; custom_padding=&#8221;0px||0px||false|false&#8221; global_colors_info=&#8221;{}&#8221;][et_pb_row _builder_version=&#8221;4.18.0&#8243; _module_preset=&#8221;default&#8221; global_colors_info=&#8221;{}&#8221;][et_pb_column type=&#8221;4_4&#8243; _builder_version=&#8221;4.16&#8243; _module_preset=&#8221;default&#8221; global_colors_info=&#8221;{}&#8221;][dvmd_image_box image_url=&#8221;@ET-DC@eyJkeW5hbWljIjp0cnVlLCJjb250ZW50IjoicG9zdF9mZWF0dXJlZF9pbWFnZSIsInNldHRpbmdzIjp7fX0=@&#8221; image_position_preset_x=&#8221;55%&#8221; image_position_preset_y=&#8221;45%&#8221; image_box_size_preset=&#8221;50%&#8221; caption_source=&#8221;caption&#8221; _builder_version=&#8221;4.18.0&#8243; _dynamic_attributes=&#8221;image_url&#8221; _module_preset=&#8221;default&#8221; global_colors_info=&#8221;{}&#8221;][\/dvmd_image_box][dica_divi_carousel advanced_effect=&#8221;1&#8243; _builder_version=&#8221;4.18.0&#8243; _module_preset=&#8221;default&#8221; global_colors_info=&#8221;{}&#8221;][\/dica_divi_carousel][\/et_pb_column][\/et_pb_row][\/et_pb_section][et_pb_section fb_built=&#8221;1&#8243; _builder_version=&#8221;4.16&#8243; _module_preset=&#8221;default&#8221; custom_padding=&#8221;2px|||||&#8221; global_colors_info=&#8221;{}&#8221;][et_pb_row column_structure=&#8221;3_5,2_5&#8243; _builder_version=&#8221;4.18.0&#8243; _module_preset=&#8221;default&#8221; custom_padding=&#8221;30px|||2px||&#8221; global_colors_info=&#8221;{}&#8221;][et_pb_column type=&#8221;3_5&#8243; _builder_version=&#8221;4.16&#8243; _module_preset=&#8221;default&#8221; global_colors_info=&#8221;{}&#8221;][et_pb_text _builder_version=&#8221;4.18.0&#8243; _module_preset=&#8221;default&#8221; custom_padding=&#8221;2px||0px|||&#8221; global_colors_info=&#8221;{}&#8221;]<\/p>\n<p>The BVMW e. V. &#8211; the German Association of Small and Medium-Sized Enterprises &#8211; recently met again in Berlin for the SME Future Day. Under the motto \u201cvalues &amp; prosperity\u201d, around 6,500 entrepreneurs from the SME sector, politicians such as Gregor Gysi and journalists came together to discuss the major issues of the future. We provided technical equipment for all areas.<\/p>\n<p>_<br \/>Overview<br \/>Full technical production on 23,000 sqm with all disciplines of event technology, 2 main stages, 8 side stages, exhibition for the 50th anniversary, club event, trade fair equipment for exhibitors, 630 spotlights, 1420 running meters of truss, 128 motors, 110 loudspeakers, 160 displays, 80 sqm LED surfaces, 64 show lights, media and image direction, live streaming, power supply in all areas<\/p>\n<p>[\/et_pb_text][\/et_pb_column][et_pb_column type=&#8221;2_5&#8243; _builder_version=&#8221;4.16&#8243; _module_preset=&#8221;default&#8221; global_colors_info=&#8221;{}&#8221;][et_pb_button button_url=&#8221;https:\/\/www.ambion.de\/en\/project\/zukunfstag-bvmw\/&#8221; url_new_window=&#8221;on&#8221; button_text=&#8221;For reference&#8221; button_alignment=&#8221;left&#8221; _builder_version=&#8221;4.18.0&#8243; _module_preset=&#8221;default&#8221; custom_button=&#8221;on&#8221; button_text_size=&#8221;22px&#8221; button_text_color=&#8221;#FFFFFF&#8221; button_bg_color=&#8221;#000000&#8243; button_border_width=&#8221;1px&#8221; button_border_color=&#8221;#000000&#8243; button_border_radius=&#8221;40px&#8221; button_letter_spacing=&#8221;0px&#8221; button_font=&#8221;DIN Next LT W01 Regular||||||||&#8221; button_use_icon=&#8221;off&#8221; custom_margin=&#8221;0px||||false|false&#8221; custom_padding=&#8221;10px||10px||false|false&#8221; button_text_size_tablet=&#8221;16px&#8221; button_text_size_phone=&#8221;16px&#8221; button_text_size_last_edited=&#8221;on|tablet&#8221; global_colors_info=&#8221;{}&#8221; button_bg_color__hover_enabled=&#8221;on|desktop&#8221; button_text_size__hover_enabled=&#8221;off|desktop&#8221; button_bg_color__hover=&#8221;#FFFFFF&#8221; button_bg_enable_color__hover=&#8221;on&#8221; button_text_color__hover_enabled=&#8221;on|desktop&#8221; button_text_color__hover=&#8221;#000000&#8243;][\/et_pb_button][\/et_pb_column][\/et_pb_row][\/et_pb_section]<\/p>\n","protected":false},"excerpt":{"rendered":"<p><div class=\"et_pb_module dvmd_image_box dvmd_image_box_0 dvmd_ib_version_1_2_3\">\n\t\t\t\t\n\t\t\t\t\n\t\t\t\t\n\t\t\t\t\n\t\t\t\t\n\t\t\t\t\n\t\t\t\t<div class=\"et_pb_module_inner\">\n\t\t\t\t\t<div class=\"dvmd_ib_image\"><span role=\"figure\" class=\"dvmd_ib_image_wrap\"><img src=\"data:image\/svg+xml;base64,PHN2ZyB3aWR0aD0iMTA4MCIgaGVpZ2h0PSI1NDAiIHZpZXdCb3g9IjAgMCAxMDgwIDU0MCIgeG1sbnM9Imh0dHA6Ly93d3cudzMub3JnLzIwMDAvc3ZnIj4KICAgIDxnIGZpbGw9Im5vbmUiIGZpbGwtcnVsZT0iZXZlbm9kZCI+CiAgICAgICAgPHBhdGggZmlsbD0iI0VCRUJFQiIgZD0iTTAgMGgxMDgwdjU0MEgweiIvPgogICAgICAgIDxwYXRoIGQ9Ik00NDUuNjQ5IDU0MGgtOTguOTk1TDE0NC42NDkgMzM3Ljk5NSAwIDQ4Mi42NDR2LTk4Ljk5NWwxMTYuMzY1LTExNi4zNjVjMTUuNjItMTUuNjIgNDAuOTQ3LTE1LjYyIDU2LjU2OCAwTDQ0NS42NSA1NDB6IiBmaWxsLW9wYWNpdHk9Ii4xIiBmaWxsPSIjMDAwIiBmaWxsLXJ1bGU9Im5vbnplcm8iLz4KICAgICAgICA8Y2lyY2xlIGZpbGwtb3BhY2l0eT0iLjA1IiBmaWxsPSIjMDAwIiBjeD0iMzMxIiBjeT0iMTQ4IiByPSI3MCIvPgogICAgICAgIDxwYXRoIGQ9Ik0xMDgwIDM3OXYxMTMuMTM3TDcyOC4xNjIgMTQwLjMgMzI4LjQ2MiA1NDBIMjE1LjMyNEw2OTkuODc4IDU1LjQ0NmMxNS42Mi0xNS42MiA0MC45NDgtMTUuNjIgNTYuNTY4IDBMMTA4MCAzNzl6IiBmaWxsLW9wYWNpdHk9Ii4yIiBmaWxsPSIjMDAwIiBmaWxsLXJ1bGU9Im5vbnplcm8iLz4KICAgIDwvZz4KPC9zdmc+Cg==\" title=\"\" alt=\"\" \/><\/span><\/div>\n\t\t\t\t<\/div>\n\t\t\t<\/div><div class=\"et_pb_module dica_divi_carousel dica_divi_carousel_0\">\n\t\t\t\t\n\t\t\t\t\n\t\t\t\t\n\t\t\t\t\n\t\t\t\t\n\t\t\t\t\n\t\t\t\t<div class=\"et_pb_module_inner\">\n\t\t\t\t\t<div class=\"dica-container  desktop_middle-inside tablet_middle-inside mobile_middle-inside\" data-props='{\"desktop\":\"4\",\"tablet\":\"3\",\"mobile\":\"1\",\"speed\":\"500\",\"arrow\":\"off\",\"dots\":\"off\",\"autoplay\":\"off\",\"autoSpeed\":\"1000\",\"loop\":\"off\",\"item_spacing\":\"30\",\"center_mode\":\"off\",\"slider_effec\":\"1\",\"cover_rotate\":\"50\",\"pause_onhover\":\"off\",\"multislide\":\"off\",\"cfshadow\":\"on\",\"order\":\"0\",\"lazyload\":\"off\",\"lazybefore\":\"off\",\"scroller_effect\":\"off\",\"autowidth\":\"off\",\"item_spacing_tablet\":\"30\",\"item_spacing_phone\":\"30\",\"scroller_speed\":\"4000\",\"hashNavigation\":\"off\"}'>\r\n\t\t\t\t\t\t\t \t<div class=\"swiper-container\">\r\n\t\t\t\t\t\t\t\t\t<div class=\"swiper-wrapper\"><\/div>\t\r\n\t\t\t\t\t\t\t\t<\/div>\t\r\n\t\t\t\t\t\t\t\t\r\n\t\t\t\t\t\t\t\t\t\t\t\t\t\t\r\n\t\t\t\t\t\t\t<\/div>\n\t\t\t\t<\/div>\n\t\t\t<\/div>The BVMW e. V. &#8211; the German Association of Small and Medium-Sized Enterprises &#8211; recently met again in Berlin for the SME Future Day. Under the motto \u201cvalues &amp; prosperity\u201d, around 6,500 entrepreneurs from the SME sector, politicians such as Gregor Gysi [&hellip;]<\/p>\n","protected":false},"author":3,"featured_media":41127,"comment_status":"closed","ping_status":"closed","sticky":false,"template":"","format":"standard","meta":{"_et_pb_use_builder":"on","_et_pb_old_content":"[et_pb_section fb_built=\"1\" _builder_version=\"4.16\" _module_preset=\"default\" custom_padding=\"0px||0px||false|false\" global_colors_info=\"{}\"][et_pb_row _builder_version=\"4.18.0\" _module_preset=\"default\" global_colors_info=\"{}\"][et_pb_column type=\"4_4\" _builder_version=\"4.16\" _module_preset=\"default\" global_colors_info=\"{}\"][dvmd_image_box image_url=\"@ET-DC@eyJkeW5hbWljIjp0cnVlLCJjb250ZW50IjoicG9zdF9mZWF0dXJlZF9pbWFnZSIsInNldHRpbmdzIjp7fX0=@\" image_position_preset_x=\"55%\" image_position_preset_y=\"45%\" image_box_size_preset=\"50%\" caption_source=\"caption\" _builder_version=\"4.18.0\" _dynamic_attributes=\"image_url\" _module_preset=\"default\" global_colors_info=\"{}\"][\/dvmd_image_box][dica_divi_carousel advanced_effect=\"1\" _builder_version=\"4.18.0\" _module_preset=\"default\" global_colors_info=\"{}\"][\/dica_divi_carousel][\/et_pb_column][\/et_pb_row][\/et_pb_section][et_pb_section fb_built=\"1\" _builder_version=\"4.16\" _module_preset=\"default\" custom_padding=\"2px|||||\" global_colors_info=\"{}\"][et_pb_row column_structure=\"3_5,2_5\" _builder_version=\"4.18.0\" _module_preset=\"default\" custom_padding=\"30px|||2px||\" global_colors_info=\"{}\"][et_pb_column type=\"3_5\" _builder_version=\"4.16\" _module_preset=\"default\" global_colors_info=\"{}\"][et_pb_text _builder_version=\"4.18.0\" _module_preset=\"default\" custom_padding=\"2px||0px|||\" global_colors_info=\"{}\"]\n\nDrei riesige LED-Walls mit insgesamt 108 qm ROE Topaz im legend\u00e4ren Friedrichstadt-Palast Berlin bildeten das visuelle Herzst\u00fcck der Show \u2013 perfekt f\u00fcr starke Kamera-Shots, kraftvolle Graphics und dynamische Animationen. Rund 2.000 G\u00e4ste aus \u00fcber 50 Nationen bekamen eine Show, die exzellentes Design richtig feiern konnte.\n\nEin besonderer H\u00f6hepunkt: Lord Norman Foster, britische Architekturlegende, nahm unter Standing Ovations den iF Design Lifetime Achievement Award entgegen \u2013 \u00fcberreicht von iF Design CEO Uwe Cremering.\n\nZum vierten Mal waren wir in allen Bereichen und mit allen Disziplinen der Veranstaltungstechnik dabei. Danke an das Team vom iF DESIGN AWARD und OBJ f\u00fcr die wie immer starke Zusammenarbeit. Und nat\u00fcrlich: Gl\u00fcckwunsch an alle Preistr\u00e4ger*innen!\n\n&nbsp;\n\n[\/et_pb_text][\/et_pb_column][et_pb_column type=\"2_5\" _builder_version=\"4.16\" _module_preset=\"default\" global_colors_info=\"{}\"][\/et_pb_column][\/et_pb_row][\/et_pb_section]","_et_gb_content_width":"1200","footnotes":""},"categories":[1],"tags":[150,173,195],"yoast_head":"<!-- This site is optimized with the Yoast SEO plugin v19.6.1 - https:\/\/yoast.com\/wordpress\/plugins\/seo\/ -->\n<title>Zukunftstag Mittelstand 2025 - AMBION<\/title>\n<meta name=\"robots\" content=\"index, follow, max-snippet:-1, max-image-preview:large, max-video-preview:-1\" \/>\n<link rel=\"canonical\" href=\"https:\/\/www.ambion.de\/en\/zukunftstag-bvmw-2025\/\" \/>\n<meta name=\"twitter:label1\" content=\"Written by\" \/>\n\t<meta name=\"twitter:data1\" content=\"Christian Hecker\" \/>\n\t<meta name=\"twitter:label2\" content=\"Est. reading time\" \/>\n\t<meta name=\"twitter:data2\" content=\"2 minutes\" \/>\n<script type=\"application\/ld+json\" class=\"yoast-schema-graph\">{\"@context\":\"https:\/\/schema.org\",\"@graph\":[{\"@type\":\"WebPage\",\"@id\":\"https:\/\/www.ambion.de\/en\/zukunftstag-bvmw-2025\/\",\"url\":\"https:\/\/www.ambion.de\/en\/zukunftstag-bvmw-2025\/\",\"name\":\"Zukunftstag Mittelstand 2025 - AMBION\",\"isPartOf\":{\"@id\":\"https:\/\/www.ambion.de\/en\/#website\"},\"datePublished\":\"2025-05-13T13:21:20+00:00\",\"dateModified\":\"2025-05-19T07:31:14+00:00\",\"author\":{\"@id\":\"https:\/\/www.ambion.de\/en\/#\/schema\/person\/fb2b8e70914b2eca4abbe91fac0ce040\"},\"breadcrumb\":{\"@id\":\"https:\/\/www.ambion.de\/en\/zukunftstag-bvmw-2025\/#breadcrumb\"},\"inLanguage\":\"en-US\",\"potentialAction\":[{\"@type\":\"ReadAction\",\"target\":[\"https:\/\/www.ambion.de\/en\/zukunftstag-bvmw-2025\/\"]}]},{\"@type\":\"BreadcrumbList\",\"@id\":\"https:\/\/www.ambion.de\/en\/zukunftstag-bvmw-2025\/#breadcrumb\",\"itemListElement\":[{\"@type\":\"ListItem\",\"position\":1,\"name\":\"Startseite\",\"item\":\"https:\/\/www.ambion.de\/en\/\"},{\"@type\":\"ListItem\",\"position\":2,\"name\":\"Zukunftstag Mittelstand 2025\"}]},{\"@type\":\"WebSite\",\"@id\":\"https:\/\/www.ambion.de\/en\/#website\",\"url\":\"https:\/\/www.ambion.de\/en\/\",\"name\":\"AMBION\",\"description\":\"Die Full-Service Production Company f\u00fcr Live-Erlebnisse und digitale Produktionen\",\"potentialAction\":[{\"@type\":\"SearchAction\",\"target\":{\"@type\":\"EntryPoint\",\"urlTemplate\":\"https:\/\/www.ambion.de\/en\/?s={search_term_string}\"},\"query-input\":\"required name=search_term_string\"}],\"inLanguage\":\"en-US\"},{\"@type\":\"Person\",\"@id\":\"https:\/\/www.ambion.de\/en\/#\/schema\/person\/fb2b8e70914b2eca4abbe91fac0ce040\",\"name\":\"Christian Hecker\",\"image\":{\"@type\":\"ImageObject\",\"inLanguage\":\"en-US\",\"@id\":\"https:\/\/www.ambion.de\/en\/#\/schema\/person\/image\/\",\"url\":\"https:\/\/secure.gravatar.com\/avatar\/bdfed1c3b69040efbdf36c7ec8c1b67a?s=96&d=mm&r=g\",\"contentUrl\":\"https:\/\/secure.gravatar.com\/avatar\/bdfed1c3b69040efbdf36c7ec8c1b67a?s=96&d=mm&r=g\",\"caption\":\"Christian Hecker\"},\"url\":\"https:\/\/www.ambion.de\/en\/author\/heckerambion-de\/\"}]}<\/script>\n<!-- \/ Yoast SEO plugin. -->","yoast_head_json":{"title":"Zukunftstag Mittelstand 2025 - AMBION","robots":{"index":"index","follow":"follow","max-snippet":"max-snippet:-1","max-image-preview":"max-image-preview:large","max-video-preview":"max-video-preview:-1"},"canonical":"https:\/\/www.ambion.de\/en\/zukunftstag-bvmw-2025\/","twitter_misc":{"Written by":"Christian Hecker","Est. reading time":"2 minutes"},"schema":{"@context":"https:\/\/schema.org","@graph":[{"@type":"WebPage","@id":"https:\/\/www.ambion.de\/en\/zukunftstag-bvmw-2025\/","url":"https:\/\/www.ambion.de\/en\/zukunftstag-bvmw-2025\/","name":"Zukunftstag Mittelstand 2025 - AMBION","isPartOf":{"@id":"https:\/\/www.ambion.de\/en\/#website"},"datePublished":"2025-05-13T13:21:20+00:00","dateModified":"2025-05-19T07:31:14+00:00","author":{"@id":"https:\/\/www.ambion.de\/en\/#\/schema\/person\/fb2b8e70914b2eca4abbe91fac0ce040"},"breadcrumb":{"@id":"https:\/\/www.ambion.de\/en\/zukunftstag-bvmw-2025\/#breadcrumb"},"inLanguage":"en-US","potentialAction":[{"@type":"ReadAction","target":["https:\/\/www.ambion.de\/en\/zukunftstag-bvmw-2025\/"]}]},{"@type":"BreadcrumbList","@id":"https:\/\/www.ambion.de\/en\/zukunftstag-bvmw-2025\/#breadcrumb","itemListElement":[{"@type":"ListItem","position":1,"name":"Startseite","item":"https:\/\/www.ambion.de\/en\/"},{"@type":"ListItem","position":2,"name":"Zukunftstag Mittelstand 2025"}]},{"@type":"WebSite","@id":"https:\/\/www.ambion.de\/en\/#website","url":"https:\/\/www.ambion.de\/en\/","name":"AMBION","description":"Die Full-Service Production Company f\u00fcr Live-Erlebnisse und digitale Produktionen","potentialAction":[{"@type":"SearchAction","target":{"@type":"EntryPoint","urlTemplate":"https:\/\/www.ambion.de\/en\/?s={search_term_string}"},"query-input":"required name=search_term_string"}],"inLanguage":"en-US"},{"@type":"Person","@id":"https:\/\/www.ambion.de\/en\/#\/schema\/person\/fb2b8e70914b2eca4abbe91fac0ce040","name":"Christian Hecker","image":{"@type":"ImageObject","inLanguage":"en-US","@id":"https:\/\/www.ambion.de\/en\/#\/schema\/person\/image\/","url":"https:\/\/secure.gravatar.com\/avatar\/bdfed1c3b69040efbdf36c7ec8c1b67a?s=96&d=mm&r=g","contentUrl":"https:\/\/secure.gravatar.com\/avatar\/bdfed1c3b69040efbdf36c7ec8c1b67a?s=96&d=mm&r=g","caption":"Christian Hecker"},"url":"https:\/\/www.ambion.de\/en\/author\/heckerambion-de\/"}]}},"_links":{"self":[{"href":"https:\/\/www.ambion.de\/en\/wp-json\/wp\/v2\/posts\/41141"}],"collection":[{"href":"https:\/\/www.ambion.de\/en\/wp-json\/wp\/v2\/posts"}],"about":[{"href":"https:\/\/www.ambion.de\/en\/wp-json\/wp\/v2\/types\/post"}],"author":[{"embeddable":true,"href":"https:\/\/www.ambion.de\/en\/wp-json\/wp\/v2\/users\/3"}],"replies":[{"embeddable":true,"href":"https:\/\/www.ambion.de\/en\/wp-json\/wp\/v2\/comments?post=41141"}],"version-history":[{"count":7,"href":"https:\/\/www.ambion.de\/en\/wp-json\/wp\/v2\/posts\/41141\/revisions"}],"predecessor-version":[{"id":41212,"href":"https:\/\/www.ambion.de\/en\/wp-json\/wp\/v2\/posts\/41141\/revisions\/41212"}],"wp:featuredmedia":[{"embeddable":true,"href":"https:\/\/www.ambion.de\/en\/wp-json\/wp\/v2\/media\/41127"}],"wp:attachment":[{"href":"https:\/\/www.ambion.de\/en\/wp-json\/wp\/v2\/media?parent=41141"}],"wp:term":[{"taxonomy":"category","embeddable":true,"href":"https:\/\/www.ambion.de\/en\/wp-json\/wp\/v2\/categories?post=41141"},{"taxonomy":"post_tag","embeddable":true,"href":"https:\/\/www.ambion.de\/en\/wp-json\/wp\/v2\/tags?post=41141"}],"curies":[{"name":"wp","href":"https:\/\/api.w.org\/{rel}","templated":true}]}}