{"id":40781,"date":"2025-03-24T14:04:20","date_gmt":"2025-03-24T13:04:20","guid":{"rendered":"https:\/\/www.ambion.de\/?p=40781"},"modified":"2025-03-24T14:09:42","modified_gmt":"2025-03-24T13:09:42","slug":"forum-oculus-2025","status":"publish","type":"post","link":"https:\/\/www.ambion.de\/en\/forum-oculus-2025\/","title":{"rendered":"Forum Oculus | With this in mind"},"content":{"rendered":"<p>[et_pb_section fb_built=&#8221;1&#8243; _builder_version=&#8221;4.16&#8243; _module_preset=&#8221;default&#8221; custom_padding=&#8221;0px||0px||false|false&#8221; global_colors_info=&#8221;{}&#8221;][et_pb_row _builder_version=&#8221;4.18.0&#8243; _module_preset=&#8221;default&#8221; global_colors_info=&#8221;{}&#8221;][et_pb_column type=&#8221;4_4&#8243; _builder_version=&#8221;4.16&#8243; _module_preset=&#8221;default&#8221; global_colors_info=&#8221;{}&#8221;][dvmd_image_box image_url=&#8221;https:\/\/www.ambion.de\/wp-content\/uploads\/2025\/03\/AMBION_Forum-Oculus-4.jpg&#8221; image_position_preset_x=&#8221;55%&#8221; image_position_preset_y=&#8221;45%&#8221; image_box_size_preset=&#8221;50%&#8221; caption_source=&#8221;caption&#8221; _builder_version=&#8221;4.18.0&#8243; _module_preset=&#8221;default&#8221; global_colors_info=&#8221;{}&#8221;][\/dvmd_image_box][dica_divi_carousel advanced_effect=&#8221;1&#8243; _builder_version=&#8221;4.18.0&#8243; _module_preset=&#8221;default&#8221; global_colors_info=&#8221;{}&#8221;][\/dica_divi_carousel][\/et_pb_column][\/et_pb_row][\/et_pb_section][et_pb_section fb_built=&#8221;1&#8243; _builder_version=&#8221;4.16&#8243; _module_preset=&#8221;default&#8221; custom_padding=&#8221;2px|||||&#8221; global_colors_info=&#8221;{}&#8221;][et_pb_row column_structure=&#8221;3_5,2_5&#8243; _builder_version=&#8221;4.18.0&#8243; _module_preset=&#8221;default&#8221; custom_padding=&#8221;30px|||2px||&#8221; global_colors_info=&#8221;{}&#8221;][et_pb_column type=&#8221;3_5&#8243; _builder_version=&#8221;4.16&#8243; _module_preset=&#8221;default&#8221; global_colors_info=&#8221;{}&#8221;][et_pb_text _builder_version=&#8221;4.18.0&#8243; _module_preset=&#8221;default&#8221; custom_padding=&#8221;2px||0px|||&#8221; hover_enabled=&#8221;0&#8243; global_colors_info=&#8221;{}&#8221; sticky_enabled=&#8221;0&#8243;]<\/p>\n<p>Everything revolves around 7.5 g and 126 million receptors. The human eye &#8211; one of our most important senses. This is the focus of the Forum Oculus, the medical symposium for around 800 hybrid participants at Andel&#8217;s Berlin. 350 guests attended the keynote speeches, case presentations, discussion panels and workshops in the field of ophthalmology.<\/p>\n<p>_<br \/>1 main stage + 4 side stages. All disciplines of event technology, set and special construction, streaming<\/p>\n<p>[\/et_pb_text][\/et_pb_column][et_pb_column type=&#8221;2_5&#8243; _builder_version=&#8221;4.16&#8243; _module_preset=&#8221;default&#8221; global_colors_info=&#8221;{}&#8221;][et_pb_button button_url=&#8221;https:\/\/www.ambion.de\/project\/forum-oculus\/&#8221; button_text=&#8221;Forum Oculus 360\u00b0&#8221; button_alignment=&#8221;left&#8221; _builder_version=&#8221;4.18.0&#8243; _module_preset=&#8221;default&#8221; custom_button=&#8221;on&#8221; button_text_size=&#8221;22px&#8221; button_text_color=&#8221;#FFFFFF&#8221; button_bg_color=&#8221;#000000&#8243; button_border_width=&#8221;1px&#8221; button_border_color=&#8221;#000000&#8243; button_border_radius=&#8221;40px&#8221; button_letter_spacing=&#8221;0px&#8221; button_font=&#8221;DIN Next LT W01 Regular||||||||&#8221; button_use_icon=&#8221;off&#8221; custom_margin=&#8221;0px||||false|false&#8221; custom_padding=&#8221;10px||10px||false|false&#8221; button_text_size_tablet=&#8221;16px&#8221; button_text_size_phone=&#8221;16px&#8221; button_text_size_last_edited=&#8221;on|tablet&#8221; global_colors_info=&#8221;{}&#8221; button_bg_color__hover_enabled=&#8221;on|desktop&#8221; button_text_size__hover_enabled=&#8221;off|desktop&#8221; button_bg_color__hover=&#8221;#FFFFFF&#8221; button_bg_enable_color__hover=&#8221;on&#8221; button_text_color__hover_enabled=&#8221;on|desktop&#8221; button_text_color__hover=&#8221;#000000&#8243;][\/et_pb_button][\/et_pb_column][\/et_pb_row][\/et_pb_section]<\/p>\n","protected":false},"excerpt":{"rendered":"<p><div class=\"et_pb_module dvmd_image_box dvmd_image_box_0 dvmd_ib_version_1_2_3\">\n\t\t\t\t\n\t\t\t\t\n\t\t\t\t\n\t\t\t\t\n\t\t\t\t\n\t\t\t\t\n\t\t\t\t<div class=\"et_pb_module_inner\">\n\t\t\t\t\t<div class=\"dvmd_ib_image\"><span role=\"figure\" aria-label=\"AMBION_Forum Oculus-4\" aria-description=\"Die Hauptb\u00fchne beim Forum Oculus 2025 im Andel&#039;s in Berlin\" class=\"dvmd_ib_image_wrap\"><img src=\"https:\/\/www.ambion.de\/wp-content\/uploads\/2025\/03\/AMBION_Forum-Oculus-4.jpg\" title=\"AMBION_Forum Oculus-4\" alt=\"Die Hauptb\u00fchne beim Forum Oculus 2025 im Andel&#039;s in Berlin\" srcset=\"https:\/\/www.ambion.de\/wp-content\/uploads\/2025\/03\/AMBION_Forum-Oculus-4.jpg 1920w, https:\/\/www.ambion.de\/wp-content\/uploads\/2025\/03\/AMBION_Forum-Oculus-4-1280x720.jpg 1280w, https:\/\/www.ambion.de\/wp-content\/uploads\/2025\/03\/AMBION_Forum-Oculus-4-980x551.jpg 980w, https:\/\/www.ambion.de\/wp-content\/uploads\/2025\/03\/AMBION_Forum-Oculus-4-480x270.jpg 480w\" sizes=\"(min-width: 0px) and (max-width: 480px) 480px, (min-width: 481px) and (max-width: 980px) 980px, (min-width: 981px) and (max-width: 1280px) 1280px, (min-width: 1281px) 1920px, 100vw\" \/><\/span><\/div>\n\t\t\t\t<\/div>\n\t\t\t<\/div><div class=\"et_pb_module dica_divi_carousel dica_divi_carousel_0\">\n\t\t\t\t\n\t\t\t\t\n\t\t\t\t\n\t\t\t\t\n\t\t\t\t\n\t\t\t\t\n\t\t\t\t<div class=\"et_pb_module_inner\">\n\t\t\t\t\t<div class=\"dica-container  desktop_middle-inside tablet_middle-inside mobile_middle-inside\" data-props='{\"desktop\":\"4\",\"tablet\":\"3\",\"mobile\":\"1\",\"speed\":\"500\",\"arrow\":\"off\",\"dots\":\"off\",\"autoplay\":\"off\",\"autoSpeed\":\"1000\",\"loop\":\"off\",\"item_spacing\":\"30\",\"center_mode\":\"off\",\"slider_effec\":\"1\",\"cover_rotate\":\"50\",\"pause_onhover\":\"off\",\"multislide\":\"off\",\"cfshadow\":\"on\",\"order\":\"0\",\"lazyload\":\"off\",\"lazybefore\":\"off\",\"scroller_effect\":\"off\",\"autowidth\":\"off\",\"item_spacing_tablet\":\"30\",\"item_spacing_phone\":\"30\",\"scroller_speed\":\"4000\",\"hashNavigation\":\"off\"}'>\r\n\t\t\t\t\t\t\t \t<div class=\"swiper-container\">\r\n\t\t\t\t\t\t\t\t\t<div class=\"swiper-wrapper\"><\/div>\t\r\n\t\t\t\t\t\t\t\t<\/div>\t\r\n\t\t\t\t\t\t\t\t\r\n\t\t\t\t\t\t\t\t\t\t\t\t\t\t\r\n\t\t\t\t\t\t\t<\/div>\n\t\t\t\t<\/div>\n\t\t\t<\/div>Everything revolves around 7.5 g and 126 million receptors. The human eye &#8211; one of our most important senses. This is the focus of the Forum Oculus, the medical symposium for around 800 hybrid participants at Andel&#8217;s Berlin. 350 guests attended the keynote [&hellip;]<\/p>\n","protected":false},"author":3,"featured_media":40778,"comment_status":"closed","ping_status":"closed","sticky":false,"template":"","format":"standard","meta":{"_et_pb_use_builder":"on","_et_pb_old_content":"[et_pb_section fb_built=\"1\" _builder_version=\"4.16\" _module_preset=\"default\" custom_padding=\"0px||0px||false|false\" global_colors_info=\"{}\"][et_pb_row _builder_version=\"4.18.0\" _module_preset=\"default\" global_colors_info=\"{}\"][et_pb_column type=\"4_4\" _builder_version=\"4.16\" _module_preset=\"default\" global_colors_info=\"{}\"][dvmd_image_box image_url=\"https:\/\/www.ambion.de\/wp-content\/uploads\/2025\/03\/webnews@2x-1.png\" image_position_preset_x=\"55%\" image_position_preset_y=\"45%\" image_box_size_preset=\"50%\" caption_source=\"caption\" _builder_version=\"4.18.0\" _module_preset=\"default\" global_colors_info=\"{}\"][\/dvmd_image_box][dica_divi_carousel advanced_effect=\"1\" _builder_version=\"4.18.0\" _module_preset=\"default\" global_colors_info=\"{}\"][\/dica_divi_carousel][\/et_pb_column][\/et_pb_row][\/et_pb_section][et_pb_section fb_built=\"1\" _builder_version=\"4.16\" _module_preset=\"default\" custom_padding=\"2px|||||\" global_colors_info=\"{}\"][et_pb_row column_structure=\"3_5,2_5\" _builder_version=\"4.18.0\" _module_preset=\"default\" custom_padding=\"30px|||2px||\" global_colors_info=\"{}\"][et_pb_column type=\"3_5\" _builder_version=\"4.16\" _module_preset=\"default\" global_colors_info=\"{}\"][et_pb_text _builder_version=\"4.18.0\" _module_preset=\"default\" custom_padding=\"2px||0px|||\" global_colors_info=\"{}\"]\n\n<span data-contrast=\"auto\">Der International Women\u2019s Day ist nun schon ein paar Tage her, aber das Thema sollte ja nicht nur an einem Tag im Jahr relevant sein<\/span><span data-ccp-props=\"{}\">\u00a0<\/span>\n\n<span data-contrast=\"auto\">Auch wenn in den letzten Jahren immer mehr Frauen den Weg in die Veranstaltungstechnik und auch ins AMBION gefunden haben, sind immer noch weniger als 10<\/span> <span data-contrast=\"auto\">% der (technischen) Mitarbeitenden in der Live Event Branche weiblich. <\/span><span data-ccp-props=\"{}\">\u00a0<\/span>\n\n<span data-contrast=\"auto\">WOMEN IN LIVE MUSIC supportet Frauen \u00a0durch eine starke Community, Mentoring Programme, Coaching, Wissensvermittlung \u00fcber Workshops sowie eigene Studien und vieles mehr. Dabei sind nicht nur Technikerinnen willkommen, sondern alle Backstage Crew-Members, von Catering bis Merchandise. <\/span><span data-ccp-props=\"{}\">\u00a0<\/span>\n\n<span data-contrast=\"auto\">Anki spricht mit Malle Kaas, der CEO von WILM, \u00fcber Gr\u00fcnde, warum es so wenig Frauen gibt in der Branche, \u00fcber Themen wie das Imposter-Syndrom und \u00fcber Dinge, die in Zukunft noch besser gemacht werden k\u00f6nnten, um Frauen nicht nur in die Branche zu holen, sondern sie auch in der Branche zu halten.\u00a0<\/span>\n\n[\/et_pb_text][\/et_pb_column][et_pb_column type=\"2_5\" _builder_version=\"4.16\" _module_preset=\"default\" global_colors_info=\"{}\"][et_pb_button button_url=\"https:\/\/open.spotify.com\/episode\/52VemevlxsyRadwDVcadks?si=2d1598a4825d4b72\" url_new_window=\"on\" button_text=\"ZUR FOLGE AUF SPOTIFY\" button_alignment=\"left\" _builder_version=\"4.18.0\" _module_preset=\"default\" custom_button=\"on\" button_text_size=\"22px\" button_text_color=\"#FFFFFF\" button_bg_color=\"#000000\" button_border_width=\"1px\" button_border_color=\"#000000\" button_border_radius=\"40px\" button_letter_spacing=\"0px\" button_font=\"DIN Next LT W01 Regular||||||||\" button_use_icon=\"off\" custom_margin=\"0px||||false|false\" custom_padding=\"10px||10px||false|false\" button_text_size_tablet=\"16px\" button_text_size_phone=\"16px\" button_text_size_last_edited=\"on|tablet\" global_colors_info=\"{}\" button_bg_color__hover_enabled=\"on|desktop\" button_text_size__hover_enabled=\"off|desktop\" button_bg_color__hover=\"#FFFFFF\" button_bg_enable_color__hover=\"on\" button_text_color__hover_enabled=\"on|desktop\" button_text_color__hover=\"#000000\"][\/et_pb_button][et_pb_button button_text=\"WOMEN IN LIVE MUSIC\" button_alignment=\"left\" _builder_version=\"4.18.0\" _module_preset=\"default\" custom_button=\"on\" button_text_size=\"22px\" button_text_color=\"#FFFFFF\" button_bg_color=\"#000000\" button_border_width=\"1px\" button_border_color=\"#000000\" button_border_radius=\"40px\" button_letter_spacing=\"0px\" button_font=\"DIN Next LT W01 Regular||||||||\" button_use_icon=\"off\" custom_margin=\"0px||||false|false\" custom_padding=\"10px||10px||false|false\" hover_enabled=\"0\" button_text_size_tablet=\"16px\" button_text_size_phone=\"16px\" button_text_size_last_edited=\"on|tablet\" global_colors_info=\"{}\" button_bg_color__hover_enabled=\"on|desktop\" button_text_size__hover_enabled=\"off|desktop\" button_bg_color__hover=\"#FFFFFF\" button_bg_enable_color__hover=\"on\" button_text_color__hover_enabled=\"on|desktop\" button_text_color__hover=\"#000000\" theme_builder_area=\"post_content\" button_url=\"https:\/\/womeninlivemusic.eu\/\" sticky_enabled=\"0\"][\/et_pb_button][\/et_pb_column][\/et_pb_row][et_pb_row _builder_version=\"4.18.0\" _module_preset=\"default\" global_colors_info=\"{}\"][et_pb_column type=\"4_4\" _builder_version=\"4.18.0\" _module_preset=\"default\" global_colors_info=\"{}\"][\/et_pb_column][\/et_pb_row][\/et_pb_section]","_et_gb_content_width":"","footnotes":""},"categories":[1],"tags":[209,195],"yoast_head":"<!-- This site is optimized with the Yoast SEO plugin v19.6.1 - https:\/\/yoast.com\/wordpress\/plugins\/seo\/ -->\n<title>Forum Oculus | With this in mind - AMBION<\/title>\n<meta name=\"robots\" content=\"index, follow, max-snippet:-1, max-image-preview:large, max-video-preview:-1\" \/>\n<link rel=\"canonical\" href=\"https:\/\/www.ambion.de\/en\/forum-oculus-2025\/\" \/>\n<meta name=\"twitter:label1\" content=\"Written by\" \/>\n\t<meta name=\"twitter:data1\" content=\"Christian Hecker\" \/>\n\t<meta name=\"twitter:label2\" content=\"Est. reading time\" \/>\n\t<meta name=\"twitter:data2\" content=\"2 minutes\" \/>\n<script type=\"application\/ld+json\" class=\"yoast-schema-graph\">{\"@context\":\"https:\/\/schema.org\",\"@graph\":[{\"@type\":\"WebPage\",\"@id\":\"https:\/\/www.ambion.de\/en\/forum-oculus-2025\/\",\"url\":\"https:\/\/www.ambion.de\/en\/forum-oculus-2025\/\",\"name\":\"Forum Oculus | With this in mind - AMBION\",\"isPartOf\":{\"@id\":\"https:\/\/www.ambion.de\/en\/#website\"},\"datePublished\":\"2025-03-24T13:04:20+00:00\",\"dateModified\":\"2025-03-24T13:09:42+00:00\",\"author\":{\"@id\":\"https:\/\/www.ambion.de\/en\/#\/schema\/person\/fb2b8e70914b2eca4abbe91fac0ce040\"},\"breadcrumb\":{\"@id\":\"https:\/\/www.ambion.de\/en\/forum-oculus-2025\/#breadcrumb\"},\"inLanguage\":\"en-US\",\"potentialAction\":[{\"@type\":\"ReadAction\",\"target\":[\"https:\/\/www.ambion.de\/en\/forum-oculus-2025\/\"]}]},{\"@type\":\"BreadcrumbList\",\"@id\":\"https:\/\/www.ambion.de\/en\/forum-oculus-2025\/#breadcrumb\",\"itemListElement\":[{\"@type\":\"ListItem\",\"position\":1,\"name\":\"Startseite\",\"item\":\"https:\/\/www.ambion.de\/en\/\"},{\"@type\":\"ListItem\",\"position\":2,\"name\":\"Forum Oculus | With this in mind\"}]},{\"@type\":\"WebSite\",\"@id\":\"https:\/\/www.ambion.de\/en\/#website\",\"url\":\"https:\/\/www.ambion.de\/en\/\",\"name\":\"AMBION\",\"description\":\"Die Full-Service Production Company f\u00fcr Live-Erlebnisse und digitale Produktionen\",\"potentialAction\":[{\"@type\":\"SearchAction\",\"target\":{\"@type\":\"EntryPoint\",\"urlTemplate\":\"https:\/\/www.ambion.de\/en\/?s={search_term_string}\"},\"query-input\":\"required name=search_term_string\"}],\"inLanguage\":\"en-US\"},{\"@type\":\"Person\",\"@id\":\"https:\/\/www.ambion.de\/en\/#\/schema\/person\/fb2b8e70914b2eca4abbe91fac0ce040\",\"name\":\"Christian Hecker\",\"image\":{\"@type\":\"ImageObject\",\"inLanguage\":\"en-US\",\"@id\":\"https:\/\/www.ambion.de\/en\/#\/schema\/person\/image\/\",\"url\":\"https:\/\/secure.gravatar.com\/avatar\/bdfed1c3b69040efbdf36c7ec8c1b67a?s=96&d=mm&r=g\",\"contentUrl\":\"https:\/\/secure.gravatar.com\/avatar\/bdfed1c3b69040efbdf36c7ec8c1b67a?s=96&d=mm&r=g\",\"caption\":\"Christian Hecker\"},\"url\":\"https:\/\/www.ambion.de\/en\/author\/heckerambion-de\/\"}]}<\/script>\n<!-- \/ Yoast SEO plugin. -->","yoast_head_json":{"title":"Forum Oculus | With this in mind - AMBION","robots":{"index":"index","follow":"follow","max-snippet":"max-snippet:-1","max-image-preview":"max-image-preview:large","max-video-preview":"max-video-preview:-1"},"canonical":"https:\/\/www.ambion.de\/en\/forum-oculus-2025\/","twitter_misc":{"Written by":"Christian Hecker","Est. reading time":"2 minutes"},"schema":{"@context":"https:\/\/schema.org","@graph":[{"@type":"WebPage","@id":"https:\/\/www.ambion.de\/en\/forum-oculus-2025\/","url":"https:\/\/www.ambion.de\/en\/forum-oculus-2025\/","name":"Forum Oculus | With this in mind - AMBION","isPartOf":{"@id":"https:\/\/www.ambion.de\/en\/#website"},"datePublished":"2025-03-24T13:04:20+00:00","dateModified":"2025-03-24T13:09:42+00:00","author":{"@id":"https:\/\/www.ambion.de\/en\/#\/schema\/person\/fb2b8e70914b2eca4abbe91fac0ce040"},"breadcrumb":{"@id":"https:\/\/www.ambion.de\/en\/forum-oculus-2025\/#breadcrumb"},"inLanguage":"en-US","potentialAction":[{"@type":"ReadAction","target":["https:\/\/www.ambion.de\/en\/forum-oculus-2025\/"]}]},{"@type":"BreadcrumbList","@id":"https:\/\/www.ambion.de\/en\/forum-oculus-2025\/#breadcrumb","itemListElement":[{"@type":"ListItem","position":1,"name":"Startseite","item":"https:\/\/www.ambion.de\/en\/"},{"@type":"ListItem","position":2,"name":"Forum Oculus | With this in mind"}]},{"@type":"WebSite","@id":"https:\/\/www.ambion.de\/en\/#website","url":"https:\/\/www.ambion.de\/en\/","name":"AMBION","description":"Die Full-Service Production Company f\u00fcr Live-Erlebnisse und digitale Produktionen","potentialAction":[{"@type":"SearchAction","target":{"@type":"EntryPoint","urlTemplate":"https:\/\/www.ambion.de\/en\/?s={search_term_string}"},"query-input":"required name=search_term_string"}],"inLanguage":"en-US"},{"@type":"Person","@id":"https:\/\/www.ambion.de\/en\/#\/schema\/person\/fb2b8e70914b2eca4abbe91fac0ce040","name":"Christian Hecker","image":{"@type":"ImageObject","inLanguage":"en-US","@id":"https:\/\/www.ambion.de\/en\/#\/schema\/person\/image\/","url":"https:\/\/secure.gravatar.com\/avatar\/bdfed1c3b69040efbdf36c7ec8c1b67a?s=96&d=mm&r=g","contentUrl":"https:\/\/secure.gravatar.com\/avatar\/bdfed1c3b69040efbdf36c7ec8c1b67a?s=96&d=mm&r=g","caption":"Christian Hecker"},"url":"https:\/\/www.ambion.de\/en\/author\/heckerambion-de\/"}]}},"_links":{"self":[{"href":"https:\/\/www.ambion.de\/en\/wp-json\/wp\/v2\/posts\/40781"}],"collection":[{"href":"https:\/\/www.ambion.de\/en\/wp-json\/wp\/v2\/posts"}],"about":[{"href":"https:\/\/www.ambion.de\/en\/wp-json\/wp\/v2\/types\/post"}],"author":[{"embeddable":true,"href":"https:\/\/www.ambion.de\/en\/wp-json\/wp\/v2\/users\/3"}],"replies":[{"embeddable":true,"href":"https:\/\/www.ambion.de\/en\/wp-json\/wp\/v2\/comments?post=40781"}],"version-history":[{"count":7,"href":"https:\/\/www.ambion.de\/en\/wp-json\/wp\/v2\/posts\/40781\/revisions"}],"predecessor-version":[{"id":40793,"href":"https:\/\/www.ambion.de\/en\/wp-json\/wp\/v2\/posts\/40781\/revisions\/40793"}],"wp:featuredmedia":[{"embeddable":true,"href":"https:\/\/www.ambion.de\/en\/wp-json\/wp\/v2\/media\/40778"}],"wp:attachment":[{"href":"https:\/\/www.ambion.de\/en\/wp-json\/wp\/v2\/media?parent=40781"}],"wp:term":[{"taxonomy":"category","embeddable":true,"href":"https:\/\/www.ambion.de\/en\/wp-json\/wp\/v2\/categories?post=40781"},{"taxonomy":"post_tag","embeddable":true,"href":"https:\/\/www.ambion.de\/en\/wp-json\/wp\/v2\/tags?post=40781"}],"curies":[{"name":"wp","href":"https:\/\/api.w.org\/{rel}","templated":true}]}}