{"id":37086,"date":"2023-09-06T14:54:48","date_gmt":"2023-09-06T12:54:48","guid":{"rendered":"https:\/\/www.ambion.de\/open-airs-messe-kassel\/"},"modified":"2023-09-19T09:41:26","modified_gmt":"2023-09-19T07:41:26","slug":"open-airs-messe-kassel","status":"publish","type":"post","link":"https:\/\/www.ambion.de\/en\/open-airs-messe-kassel\/","title":{"rendered":"Open Airs | Messe Kassel"},"content":{"rendered":"<p>[et_pb_section fb_built=&#8221;1&#8243; _builder_version=&#8221;4.16&#8243; _module_preset=&#8221;default&#8221; custom_padding=&#8221;0px||0px||false|false&#8221; global_colors_info=&#8221;{}&#8221;][et_pb_row _builder_version=&#8221;4.18.0&#8243; _module_preset=&#8221;default&#8221; global_colors_info=&#8221;{}&#8221;][et_pb_column type=&#8221;4_4&#8243; _builder_version=&#8221;4.16&#8243; _module_preset=&#8221;default&#8221; global_colors_info=&#8221;{}&#8221;][dvmd_image_box image_url=&#8221;@ET-DC@eyJkeW5hbWljIjp0cnVlLCJjb250ZW50IjoicG9zdF9mZWF0dXJlZF9pbWFnZSIsInNldHRpbmdzIjp7fX0=@&#8221; image_position_preset_x=&#8221;42%&#8221; image_position_preset_y=&#8221;21%&#8221; image_box_size_preset=&#8221;50%&#8221; caption_source=&#8221;caption&#8221; _builder_version=&#8221;4.18.0&#8243; _dynamic_attributes=&#8221;image_url&#8221; _module_preset=&#8221;default&#8221; global_colors_info=&#8221;{}&#8221;][\/dvmd_image_box][dica_divi_carousel advanced_effect=&#8221;1&#8243; _builder_version=&#8221;4.18.0&#8243; _module_preset=&#8221;default&#8221; global_colors_info=&#8221;{}&#8221;][\/dica_divi_carousel][\/et_pb_column][\/et_pb_row][\/et_pb_section][et_pb_section fb_built=&#8221;1&#8243; _builder_version=&#8221;4.16&#8243; _module_preset=&#8221;default&#8221; custom_padding=&#8221;2px|||||&#8221; global_colors_info=&#8221;{}&#8221;][et_pb_row column_structure=&#8221;2_3,1_3&#8243; _builder_version=&#8221;4.17.4&#8243; _module_preset=&#8221;default&#8221; global_colors_info=&#8221;{}&#8221;][et_pb_column type=&#8221;2_3&#8243; _builder_version=&#8221;4.16&#8243; _module_preset=&#8221;default&#8221; global_colors_info=&#8221;{}&#8221;][et_pb_text _builder_version=&#8221;4.18.0&#8243; _module_preset=&#8221;default&#8221; custom_padding=&#8221;2px|||||&#8221; hover_enabled=&#8221;0&#8243; global_colors_info=&#8221;{}&#8221; sticky_enabled=&#8221;0&#8243;]<\/p>\n<p>The 3-day open air weekend music event held recently on the grounds of Messe Kassel thrilled approximately 18,000 visitors with a great selection of musicians performing at the at the Kassel on the Hill Festival &#8211; \u00a0SDP on Friday, Wincent Weiss on Saturday and on Sunday Ayliva, Montez and 1986zig \u2013 the last of which we also support during his other tour appearances.<\/p>\n<p>At the Kassel on the Hill Festival, we took care of both the lighting technology and the sound and media technology. This included a sound system with line arrays from CODA Audio, including delay, two LED walls, cameras for the live image and the transmission of the whole production to the LED walls. Between the appearances of the different acts, the set-up was adapted to the individual needs of the respective artists and changed on the fly.<\/p>\n<p>[\/et_pb_text][\/et_pb_column][et_pb_column type=&#8221;1_3&#8243; _builder_version=&#8221;4.16&#8243; _module_preset=&#8221;default&#8221; global_colors_info=&#8221;{}&#8221;][\/et_pb_column][\/et_pb_row][\/et_pb_section]<\/p>\n","protected":false},"excerpt":{"rendered":"<p><div class=\"et_pb_module dvmd_image_box dvmd_image_box_0 dvmd_ib_version_1_2_3\">\n\t\t\t\t\n\t\t\t\t\n\t\t\t\t\n\t\t\t\t\n\t\t\t\t\n\t\t\t\t\n\t\t\t\t<div class=\"et_pb_module_inner\">\n\t\t\t\t\t<div class=\"dvmd_ib_image\"><span role=\"figure\" class=\"dvmd_ib_image_wrap\"><img src=\"data:image\/svg+xml;base64,PHN2ZyB3aWR0aD0iMTA4MCIgaGVpZ2h0PSI1NDAiIHZpZXdCb3g9IjAgMCAxMDgwIDU0MCIgeG1sbnM9Imh0dHA6Ly93d3cudzMub3JnLzIwMDAvc3ZnIj4KICAgIDxnIGZpbGw9Im5vbmUiIGZpbGwtcnVsZT0iZXZlbm9kZCI+CiAgICAgICAgPHBhdGggZmlsbD0iI0VCRUJFQiIgZD0iTTAgMGgxMDgwdjU0MEgweiIvPgogICAgICAgIDxwYXRoIGQ9Ik00NDUuNjQ5IDU0MGgtOTguOTk1TDE0NC42NDkgMzM3Ljk5NSAwIDQ4Mi42NDR2LTk4Ljk5NWwxMTYuMzY1LTExNi4zNjVjMTUuNjItMTUuNjIgNDAuOTQ3LTE1LjYyIDU2LjU2OCAwTDQ0NS42NSA1NDB6IiBmaWxsLW9wYWNpdHk9Ii4xIiBmaWxsPSIjMDAwIiBmaWxsLXJ1bGU9Im5vbnplcm8iLz4KICAgICAgICA8Y2lyY2xlIGZpbGwtb3BhY2l0eT0iLjA1IiBmaWxsPSIjMDAwIiBjeD0iMzMxIiBjeT0iMTQ4IiByPSI3MCIvPgogICAgICAgIDxwYXRoIGQ9Ik0xMDgwIDM3OXYxMTMuMTM3TDcyOC4xNjIgMTQwLjMgMzI4LjQ2MiA1NDBIMjE1LjMyNEw2OTkuODc4IDU1LjQ0NmMxNS42Mi0xNS42MiA0MC45NDgtMTUuNjIgNTYuNTY4IDBMMTA4MCAzNzl6IiBmaWxsLW9wYWNpdHk9Ii4yIiBmaWxsPSIjMDAwIiBmaWxsLXJ1bGU9Im5vbnplcm8iLz4KICAgIDwvZz4KPC9zdmc+Cg==\" title=\"\" alt=\"\" \/><\/span><\/div>\n\t\t\t\t<\/div>\n\t\t\t<\/div><div class=\"et_pb_module dica_divi_carousel dica_divi_carousel_0\">\n\t\t\t\t\n\t\t\t\t\n\t\t\t\t\n\t\t\t\t\n\t\t\t\t\n\t\t\t\t\n\t\t\t\t<div class=\"et_pb_module_inner\">\n\t\t\t\t\t<div class=\"dica-container  desktop_middle-inside tablet_middle-inside mobile_middle-inside\" data-props='{\"desktop\":\"4\",\"tablet\":\"3\",\"mobile\":\"1\",\"speed\":\"500\",\"arrow\":\"off\",\"dots\":\"off\",\"autoplay\":\"off\",\"autoSpeed\":\"1000\",\"loop\":\"off\",\"item_spacing\":\"30\",\"center_mode\":\"off\",\"slider_effec\":\"1\",\"cover_rotate\":\"50\",\"pause_onhover\":\"off\",\"multislide\":\"off\",\"cfshadow\":\"on\",\"order\":\"0\",\"lazyload\":\"off\",\"lazybefore\":\"off\",\"scroller_effect\":\"off\",\"autowidth\":\"off\",\"item_spacing_tablet\":\"30\",\"item_spacing_phone\":\"30\",\"scroller_speed\":\"4000\",\"hashNavigation\":\"off\"}'>\r\n\t\t\t\t\t\t\t \t<div class=\"swiper-container\">\r\n\t\t\t\t\t\t\t\t\t<div class=\"swiper-wrapper\"><\/div>\t\r\n\t\t\t\t\t\t\t\t<\/div>\t\r\n\t\t\t\t\t\t\t\t\r\n\t\t\t\t\t\t\t\t\t\t\t\t\t\t\r\n\t\t\t\t\t\t\t<\/div>\n\t\t\t\t<\/div>\n\t\t\t<\/div>The 3-day open air weekend music event held recently on the grounds of Messe Kassel thrilled approximately 18,000 visitors with a great selection of musicians performing at the at the Kassel on the Hill Festival &#8211; \u00a0SDP on Friday, Wincent Weiss on [&hellip;]<\/p>\n","protected":false},"author":5,"featured_media":37032,"comment_status":"closed","ping_status":"closed","sticky":false,"template":"","format":"standard","meta":{"_et_pb_use_builder":"on","_et_pb_old_content":"[et_pb_section fb_built=\"1\" _builder_version=\"4.16\" _module_preset=\"default\" custom_padding=\"0px||0px||false|false\" global_colors_info=\"{}\"][et_pb_row _builder_version=\"4.18.0\" _module_preset=\"default\" global_colors_info=\"{}\"][et_pb_column type=\"4_4\" _builder_version=\"4.16\" _module_preset=\"default\" global_colors_info=\"{}\"][dvmd_image_box image_url=\"@ET-DC@eyJkeW5hbWljIjp0cnVlLCJjb250ZW50IjoicG9zdF9mZWF0dXJlZF9pbWFnZSIsInNldHRpbmdzIjp7fX0=@\" image_position_preset_x=\"42%\" image_position_preset_y=\"21%\" image_box_size_preset=\"50%\" caption_source=\"caption\" _builder_version=\"4.18.0\" _dynamic_attributes=\"image_url\" _module_preset=\"default\" global_colors_info=\"{}\"][\/dvmd_image_box][dica_divi_carousel advanced_effect=\"1\" _builder_version=\"4.18.0\" _module_preset=\"default\" global_colors_info=\"{}\"][\/dica_divi_carousel][\/et_pb_column][\/et_pb_row][\/et_pb_section][et_pb_section fb_built=\"1\" _builder_version=\"4.16\" _module_preset=\"default\" custom_padding=\"2px|||||\" global_colors_info=\"{}\"][et_pb_row column_structure=\"2_3,1_3\" _builder_version=\"4.17.4\" _module_preset=\"default\" global_colors_info=\"{}\"][et_pb_column type=\"2_3\" _builder_version=\"4.16\" _module_preset=\"default\" global_colors_info=\"{}\"][et_pb_text _builder_version=\"4.18.0\" _module_preset=\"default\" custom_padding=\"2px|||||\" global_colors_info=\"{}\"]\n\n<span>Die Welt des Programmierens hat sich f\u00fcr zwei Tage in Berlin versammelt. Zum <\/span><a href=\"https:\/\/www.linkedin.com\/company\/wearedevelopers.org\/\" data-attribute-index=\"0\" data-entity-type=\"MINI_COMPANY\">WeAreDevelopers<\/a><span> World Congress kamen mehr als 12.000 Besucher*innen und 500 Speaker im City Cube Berlin zusammen, um zwei Tage lang \u00fcber die neuesten Trends und Innovationen in der Branche zu diskutieren. Er\u00f6ffnet wurde der Kongress vom Begr\u00fcnder des World Wide Webs, Sir Tim Berners-Lee.<\/span>\n\n<span>Wir haben das Event technisch umgesetzt. Dazu geh\u00f6rten: Drei Messehallen, eine gro\u00dfe Mainstage, mehrere andere B\u00fchnen f\u00fcr die diversen Speaker, Workshop-Bereiche, Ausstellungs- und Messeareale und ein Umbau w\u00e4hrend des Events f\u00fcr die gro\u00dfe Abendveranstaltung. Technisch waren wir mit Rigging, Licht-, Ton- und Medientechnik inkl. 120 qm LED-Wall, Kameratechnik und disguise-Medienserver vertreten. Au\u00dferdem haben wir die Buzzeranlage f\u00fcr den Wettbewerb konzipiert und installiert.<\/span>\n\n<span>Weitere Highlights des Events waren unter anderem die Premiere des gr\u00f6\u00dften europ\u00e4ischen Programmierwettbewerbs CODE100 und der Besuch von Gaming-Legende John Romero, der seine neue Biografie vorstellte.<\/span>\n\n&nbsp;\n\n[\/et_pb_text][\/et_pb_column][et_pb_column type=\"1_3\" _builder_version=\"4.16\" _module_preset=\"default\" global_colors_info=\"{}\"][et_pb_button button_text=\"Zur gesamten Referenz\" button_alignment=\"left\" _builder_version=\"4.18.0\" _module_preset=\"default\" custom_button=\"on\" button_text_size=\"22px\" button_text_color=\"#FFFFFF\" button_bg_color=\"#000000\" button_border_width=\"1px\" button_border_color=\"#000000\" button_border_radius=\"40px\" button_letter_spacing=\"0px\" button_font=\"DIN Next LT W01 Regular||||||||\" button_use_icon=\"off\" custom_margin=\"0px||||false|false\" custom_padding=\"10px||10px||false|false\" hover_enabled=\"0\" button_text_size_tablet=\"16px\" button_text_size_phone=\"16px\" button_text_size_last_edited=\"on|tablet\" global_colors_info=\"{}\" button_bg_color__hover_enabled=\"on|desktop\" button_text_size__hover_enabled=\"off|desktop\" button_bg_color__hover=\"#FFFFFF\" button_bg_enable_color__hover=\"on\" button_text_color__hover_enabled=\"on|desktop\" button_text_color__hover=\"#000000\" theme_builder_area=\"post_content\" button_url=\"https:\/\/www.ambion.de\/project\/wearedevelopers\/\" sticky_enabled=\"0\"][\/et_pb_button][\/et_pb_column][\/et_pb_row][\/et_pb_section]","_et_gb_content_width":"1200","footnotes":""},"categories":[1],"tags":[],"yoast_head":"<!-- This site is optimized with the Yoast SEO plugin v19.6.1 - https:\/\/yoast.com\/wordpress\/plugins\/seo\/ -->\n<title>Open Airs | Messe Kassel - AMBION<\/title>\n<meta name=\"robots\" content=\"index, follow, max-snippet:-1, max-image-preview:large, max-video-preview:-1\" \/>\n<link rel=\"canonical\" href=\"https:\/\/www.ambion.de\/en\/open-airs-messe-kassel\/\" \/>\n<meta name=\"twitter:label1\" content=\"Written by\" \/>\n\t<meta name=\"twitter:data1\" content=\"Ann-Kathrin Schmidt\" \/>\n\t<meta name=\"twitter:label2\" content=\"Est. reading time\" \/>\n\t<meta name=\"twitter:data2\" content=\"2 minutes\" \/>\n<script type=\"application\/ld+json\" class=\"yoast-schema-graph\">{\"@context\":\"https:\/\/schema.org\",\"@graph\":[{\"@type\":\"WebPage\",\"@id\":\"https:\/\/www.ambion.de\/en\/open-airs-messe-kassel\/\",\"url\":\"https:\/\/www.ambion.de\/en\/open-airs-messe-kassel\/\",\"name\":\"Open Airs | Messe Kassel - AMBION\",\"isPartOf\":{\"@id\":\"https:\/\/www.ambion.de\/en\/#website\"},\"datePublished\":\"2023-09-06T12:54:48+00:00\",\"dateModified\":\"2023-09-19T07:41:26+00:00\",\"author\":{\"@id\":\"https:\/\/www.ambion.de\/en\/#\/schema\/person\/31af466b7b7efc96d0c2b9be3d1fd8e4\"},\"breadcrumb\":{\"@id\":\"https:\/\/www.ambion.de\/en\/open-airs-messe-kassel\/#breadcrumb\"},\"inLanguage\":\"en-US\",\"potentialAction\":[{\"@type\":\"ReadAction\",\"target\":[\"https:\/\/www.ambion.de\/en\/open-airs-messe-kassel\/\"]}]},{\"@type\":\"BreadcrumbList\",\"@id\":\"https:\/\/www.ambion.de\/en\/open-airs-messe-kassel\/#breadcrumb\",\"itemListElement\":[{\"@type\":\"ListItem\",\"position\":1,\"name\":\"Startseite\",\"item\":\"https:\/\/www.ambion.de\/en\/\"},{\"@type\":\"ListItem\",\"position\":2,\"name\":\"Open Airs | Messe Kassel\"}]},{\"@type\":\"WebSite\",\"@id\":\"https:\/\/www.ambion.de\/en\/#website\",\"url\":\"https:\/\/www.ambion.de\/en\/\",\"name\":\"AMBION\",\"description\":\"Die Full-Service Production Company f\u00fcr Live-Erlebnisse und digitale Produktionen\",\"potentialAction\":[{\"@type\":\"SearchAction\",\"target\":{\"@type\":\"EntryPoint\",\"urlTemplate\":\"https:\/\/www.ambion.de\/en\/?s={search_term_string}\"},\"query-input\":\"required name=search_term_string\"}],\"inLanguage\":\"en-US\"},{\"@type\":\"Person\",\"@id\":\"https:\/\/www.ambion.de\/en\/#\/schema\/person\/31af466b7b7efc96d0c2b9be3d1fd8e4\",\"name\":\"Ann-Kathrin Schmidt\",\"image\":{\"@type\":\"ImageObject\",\"inLanguage\":\"en-US\",\"@id\":\"https:\/\/www.ambion.de\/en\/#\/schema\/person\/image\/\",\"url\":\"https:\/\/secure.gravatar.com\/avatar\/be6939a562db37a4f5dabf85d8348f02?s=96&d=mm&r=g\",\"contentUrl\":\"https:\/\/secure.gravatar.com\/avatar\/be6939a562db37a4f5dabf85d8348f02?s=96&d=mm&r=g\",\"caption\":\"Ann-Kathrin Schmidt\"},\"url\":\"https:\/\/www.ambion.de\/en\/author\/aschmidt\/\"}]}<\/script>\n<!-- \/ Yoast SEO plugin. -->","yoast_head_json":{"title":"Open Airs | Messe Kassel - AMBION","robots":{"index":"index","follow":"follow","max-snippet":"max-snippet:-1","max-image-preview":"max-image-preview:large","max-video-preview":"max-video-preview:-1"},"canonical":"https:\/\/www.ambion.de\/en\/open-airs-messe-kassel\/","twitter_misc":{"Written by":"Ann-Kathrin Schmidt","Est. reading time":"2 minutes"},"schema":{"@context":"https:\/\/schema.org","@graph":[{"@type":"WebPage","@id":"https:\/\/www.ambion.de\/en\/open-airs-messe-kassel\/","url":"https:\/\/www.ambion.de\/en\/open-airs-messe-kassel\/","name":"Open Airs | Messe Kassel - AMBION","isPartOf":{"@id":"https:\/\/www.ambion.de\/en\/#website"},"datePublished":"2023-09-06T12:54:48+00:00","dateModified":"2023-09-19T07:41:26+00:00","author":{"@id":"https:\/\/www.ambion.de\/en\/#\/schema\/person\/31af466b7b7efc96d0c2b9be3d1fd8e4"},"breadcrumb":{"@id":"https:\/\/www.ambion.de\/en\/open-airs-messe-kassel\/#breadcrumb"},"inLanguage":"en-US","potentialAction":[{"@type":"ReadAction","target":["https:\/\/www.ambion.de\/en\/open-airs-messe-kassel\/"]}]},{"@type":"BreadcrumbList","@id":"https:\/\/www.ambion.de\/en\/open-airs-messe-kassel\/#breadcrumb","itemListElement":[{"@type":"ListItem","position":1,"name":"Startseite","item":"https:\/\/www.ambion.de\/en\/"},{"@type":"ListItem","position":2,"name":"Open Airs | Messe Kassel"}]},{"@type":"WebSite","@id":"https:\/\/www.ambion.de\/en\/#website","url":"https:\/\/www.ambion.de\/en\/","name":"AMBION","description":"Die Full-Service Production Company f\u00fcr Live-Erlebnisse und digitale Produktionen","potentialAction":[{"@type":"SearchAction","target":{"@type":"EntryPoint","urlTemplate":"https:\/\/www.ambion.de\/en\/?s={search_term_string}"},"query-input":"required name=search_term_string"}],"inLanguage":"en-US"},{"@type":"Person","@id":"https:\/\/www.ambion.de\/en\/#\/schema\/person\/31af466b7b7efc96d0c2b9be3d1fd8e4","name":"Ann-Kathrin Schmidt","image":{"@type":"ImageObject","inLanguage":"en-US","@id":"https:\/\/www.ambion.de\/en\/#\/schema\/person\/image\/","url":"https:\/\/secure.gravatar.com\/avatar\/be6939a562db37a4f5dabf85d8348f02?s=96&d=mm&r=g","contentUrl":"https:\/\/secure.gravatar.com\/avatar\/be6939a562db37a4f5dabf85d8348f02?s=96&d=mm&r=g","caption":"Ann-Kathrin Schmidt"},"url":"https:\/\/www.ambion.de\/en\/author\/aschmidt\/"}]}},"_links":{"self":[{"href":"https:\/\/www.ambion.de\/en\/wp-json\/wp\/v2\/posts\/37086"}],"collection":[{"href":"https:\/\/www.ambion.de\/en\/wp-json\/wp\/v2\/posts"}],"about":[{"href":"https:\/\/www.ambion.de\/en\/wp-json\/wp\/v2\/types\/post"}],"author":[{"embeddable":true,"href":"https:\/\/www.ambion.de\/en\/wp-json\/wp\/v2\/users\/5"}],"replies":[{"embeddable":true,"href":"https:\/\/www.ambion.de\/en\/wp-json\/wp\/v2\/comments?post=37086"}],"version-history":[{"count":5,"href":"https:\/\/www.ambion.de\/en\/wp-json\/wp\/v2\/posts\/37086\/revisions"}],"predecessor-version":[{"id":37181,"href":"https:\/\/www.ambion.de\/en\/wp-json\/wp\/v2\/posts\/37086\/revisions\/37181"}],"wp:featuredmedia":[{"embeddable":true,"href":"https:\/\/www.ambion.de\/en\/wp-json\/wp\/v2\/media\/37032"}],"wp:attachment":[{"href":"https:\/\/www.ambion.de\/en\/wp-json\/wp\/v2\/media?parent=37086"}],"wp:term":[{"taxonomy":"category","embeddable":true,"href":"https:\/\/www.ambion.de\/en\/wp-json\/wp\/v2\/categories?post=37086"},{"taxonomy":"post_tag","embeddable":true,"href":"https:\/\/www.ambion.de\/en\/wp-json\/wp\/v2\/tags?post=37086"}],"curies":[{"name":"wp","href":"https:\/\/api.w.org\/{rel}","templated":true}]}}